{"id":1281,"date":"2026-08-06T17:40:07","date_gmt":"2026-08-06T17:40:07","guid":{"rendered":"https:\/\/oriso.com\/?p=1281"},"modified":"2026-08-06T17:40:12","modified_gmt":"2026-08-06T17:40:12","slug":"ia-generative-et-souverainete-des-donnees-ce-que-les-entreprises-quebecoises-risquent-de-perdre","status":"publish","type":"post","link":"https:\/\/oriso.com\/fr\/ia-generative-et-souverainete-des-donnees-ce-que-les-entreprises-quebecoises-risquent-de-perdre\/","title":{"rendered":"IA g\u00e9n\u00e9rative et souverainet\u00e9 des donn\u00e9es : ce que les entreprises qu\u00e9b\u00e9coises risquent de perdre"},"content":{"rendered":"\n<p class=\"wp-block-paragraph\">En 2026, l&rsquo;IA g\u00e9n\u00e9rative est partout. Elle r\u00e9dige vos courriels, analyse vos bilans et optimise vos lignes de code. Mais derri\u00e8re cette prouesse technologique se cache une faille de taille : o\u00f9 vont r\u00e9ellement les donn\u00e9es que vous partagez avec ces mod\u00e8les ?<\/p>\n\n\n\n<p class=\"wp-block-paragraph\">Chez Oriso, nous pensons que l&rsquo;innovation ne doit jamais se faire au d\u00e9triment de la propri\u00e9t\u00e9. Dans cet article, nous abordons un angle critique : comment profiter de la r\u00e9volution de l&rsquo;IA sans perdre le contr\u00f4le de vos actifs les plus pr\u00e9cieux&#8230;<\/p>\n\n\n\n<div style=\"height:100px\" aria-hidden=\"true\" class=\"wp-block-spacer\"><\/div>\n\n\n\n<h4 class=\"wp-block-heading\">L&rsquo;IA change tout&#8230; sauf l&rsquo;endroit o\u00f9 vos donn\u00e9es doivent rester<\/h4>\n\n\n\n<p class=\"wp-block-paragraph\">Comme le souligne le journal Les Affaires, l&rsquo;utilisation de l&rsquo;IA n&rsquo;est pas sans danger pour la propri\u00e9t\u00e9 intellectuelle. De nombreuses entreprises envoient massivement des donn\u00e9es sensibles vers des serveurs \u00e9trangers sans r\u00e9aliser que ces mod\u00e8les \u00ab apprennent \u00bb de chaque interaction.<\/p>\n\n\n\n<blockquote class=\"wp-block-quote is-layout-flow wp-block-quote-is-layout-flow\">\n<p class=\"wp-block-paragraph\">\u00ab &#8230;les mod\u00e8les d&rsquo;IA s&rsquo;entra\u00eenent notamment \u00e0 partir des donn\u00e9es fournies par les interactions entre les utilisateurs et l&rsquo;IA, et peuvent ainsi ressortir une information cl\u00e9 d&rsquo;une entreprise \u00e0 un autre utilisateur. \u00bb<\/p>\n<\/blockquote>\n\n\n\n<p class=\"wp-block-paragraph\">La course \u00e0 l&rsquo;intelligence artificielle ne se gagnera pas seulement avec les outils les plus rapides, mais avec les plus s\u00e9curis\u00e9s. Si l&rsquo;IA est le levier de votre productivit\u00e9, la gouvernance en est le pare-feu indispensable. En confiant vos informations \u00e0 des serveurs publics, vous risquez de voir l&rsquo;IA \u00ab r\u00e9p\u00e9ter \u00bb vos secrets d&rsquo;affaires \u00e0 des tiers. Pour qu&rsquo;une entreprise qu\u00e9b\u00e9coise puisse innover sereinement, elle doit s&rsquo;assurer que ses donn\u00e9es restent dans un environnement s\u00fbr.<\/p>\n\n\n\n<p class=\"wp-block-paragraph\"><em>Source :&nbsp;<a href=\"https:\/\/www.lesaffaires.com\/dossiers\/cybersecurite-lia-nest-pas-sans-danger\/quand-lia-repete-vos-secrets-daffaires\/\">lesaffaires.com<\/a><\/em><\/p>\n\n\n\n<div style=\"height:100px\" aria-hidden=\"true\" class=\"wp-block-spacer\"><\/div>\n\n\n\n<h4 class=\"wp-block-heading\">L&rsquo;usage massif et les obligations juridiques au Qu\u00e9bec<\/h4>\n\n\n\n<p class=\"wp-block-paragraph\">L&rsquo;adoption de l&rsquo;IA au Qu\u00e9bec s&rsquo;acc\u00e9l\u00e8re, mais la protection des donn\u00e9es reste une pr\u00e9occupation majeure. Les r\u00e9centes statistiques d&rsquo;usage publi\u00e9es par Isarta le 25 mars 2026 r\u00e9v\u00e8lent un contraste frappant entre les habitudes et la s\u00e9curit\u00e9 :<\/p>\n\n\n\n<ul class=\"wp-block-list\">\n<li class=\"has-black-color has-text-color has-link-color wp-elements-94190e91fdc7a36c6686197c79b4ef2a\"><strong>Une adoption croissante au travail<\/strong>\u00a0: d\u00e9sormais, 46 % des internautes qu\u00e9b\u00e9cois utilisent l&rsquo;IA dans le cadre de leur emploi, une hausse marqu\u00e9e par rapport aux 41 % de l&rsquo;ann\u00e9e pr\u00e9c\u00e9dente.<\/li>\n\n\n\n<li class=\"has-black-color has-text-color has-link-color wp-elements-fcc629e2adf1a8ae21a3cf5cc2cadfef\"><strong>Une m\u00e9fiance g\u00e9n\u00e9ralis\u00e9e<\/strong>\u00a0: malgr\u00e9 cet usage, 63 % des internautes se disent pr\u00e9occup\u00e9s par la s\u00e9curit\u00e9 et la confidentialit\u00e9 de leurs donn\u00e9es lors de l&rsquo;utilisation de l&rsquo;IA g\u00e9n\u00e9rative. Cette r\u00e9ticence est visible dans les faits : seuls 11 % seraient pr\u00eats \u00e0 partager des choix de placements financiers, et 24 % des informations li\u00e9es \u00e0 l&#8217;emploi.<\/li>\n\n\n\n<li class=\"has-black-color has-text-color has-link-color wp-elements-b7ad7c83358ea9102b67091c1d654120\"><strong>Le risque du \u00ab vide politique \u00bb<\/strong>\u00a0: l&rsquo;encadrement par les employeurs reste flou. Si 44 % des entreprises autorisent l&rsquo;IA, plus de la moiti\u00e9 des travailleurs \u00e9voluent sans directives claires : 21 % des employeurs n&rsquo;ont pas de position officielle et 32 % des employ\u00e9s ne savent tout simplement pas quelle est la politique de leur entreprise.<\/li>\n<\/ul>\n\n\n\n<p class=\"wp-block-paragraph\"><em>Source :&nbsp;<a href=\"https:\/\/isarta.com\/infos\/les-5-chiffres-a-retenir-sur-lusage-de-lintelligence-artificielle-generative-au-quebec\/\">isarta.com<\/a><\/em><\/p>\n\n\n\n<div style=\"height:100px\" aria-hidden=\"true\" class=\"wp-block-spacer\"><\/div>\n\n\n\n<h4 class=\"wp-block-heading\">La souverainet\u00e9 num\u00e9rique : votre bouclier strat\u00e9gique<\/h4>\n\n\n\n<p class=\"wp-block-paragraph\">La souverainet\u00e9 num\u00e9rique permet de r\u00e9pondre aux inqui\u00e9tudes des 63 % d&rsquo;utilisateurs qu\u00e9b\u00e9cois tout en s\u00e9curisant le travail des 46 % d&#8217;employ\u00e9s d\u00e9j\u00e0 actifs sur l&rsquo;IA :<\/p>\n\n\n\n<ul class=\"wp-block-list\">\n<li class=\"has-black-color has-text-color has-link-color wp-elements-3bf57576311bec5360461d9350c85f7b\"><strong>Maintenir l&rsquo;autonomie<\/strong>\u00a0: en \u00e9vitant que vos informations strat\u00e9giques ne soient aspir\u00e9es par des plateformes \u00e9trang\u00e8res.<\/li>\n\n\n\n<li class=\"has-black-color has-text-color has-link-color wp-elements-a5c8e9c582b8f87f34102543a4e5887b\"><strong>Combler le vide politique<\/strong>\u00a0: en fournissant des outils souverains et des politiques claires, vous prot\u00e9gez vos employ\u00e9s qui utilisent l&rsquo;IA sans directives.<\/li>\n\n\n\n<li class=\"has-black-color has-text-color has-link-color wp-elements-dece75de22856b0dde3f4591ce9dfba7\"><strong>Assurer la conformit\u00e9<\/strong>\u00a0: le respect des obligations de confidentialit\u00e9 est simplifi\u00e9 lorsque l&rsquo;entreprise contr\u00f4le l&rsquo;environnement dans lequel l&rsquo;IA op\u00e8re.<\/li>\n<\/ul>\n\n\n\n<div style=\"height:100px\" aria-hidden=\"true\" class=\"wp-block-spacer\"><\/div>\n\n\n\n<h4 class=\"wp-block-heading\">Juridique : le Barreau du Qu\u00e9bec sonne l&rsquo;alarme<\/h4>\n\n\n\n<p class=\"wp-block-paragraph\">Preuve de la gravit\u00e9 des enjeux, depuis le 1er avril 2026, le Barreau du Qu\u00e9bec lance une formation obligatoire pour tous les membres de l&rsquo;Ordre intitul\u00e9e&nbsp;<em>Encadrer l&rsquo;IA g\u00e9n\u00e9rative dans la pratique du droit : rep\u00e8res d\u00e9ontologiques et professionnels<\/em>.<\/p>\n\n\n\n<p class=\"wp-block-paragraph\">Cette d\u00e9cision souligne des points critiques qui ne concernent pas seulement la pratique du droit, mais aussi toutes les organisations :<\/p>\n\n\n\n<ul class=\"wp-block-list\">\n<li class=\"has-black-color has-text-color has-link-color wp-elements-518968e5e56155c34161bc1b70e73901\"><strong>Protection du secret professionnel<\/strong>\u00a0: l&rsquo;utilisation de l&rsquo;IA ne doit en aucun cas compromettre la confidentialit\u00e9 des renseignements.<\/li>\n\n\n\n<li class=\"has-black-color has-text-color has-link-color wp-elements-54a472261836b5f3df237bea717882e5\"><strong>Obligation de comp\u00e9tence<\/strong>\u00a0: les professionnels doivent comprendre les risques technologiques avant d&rsquo;int\u00e9grer ces outils.<\/li>\n\n\n\n<li class=\"has-black-color has-text-color has-link-color wp-elements-8cdd7a51676ec662438b4d05c5689d80\"><strong>Responsabilit\u00e9 civile<\/strong>\u00a0: l&rsquo;usage non encadr\u00e9 de l&rsquo;IA peut engendrer des risques de responsabilit\u00e9 professionnelle si les donn\u00e9es sensibles sont trait\u00e9es par des syst\u00e8mes tiers non s\u00e9curis\u00e9s.<\/li>\n<\/ul>\n\n\n\n<p class=\"wp-block-paragraph\"><em>Source :&nbsp;<a href=\"https:\/\/www.barreau.qc.ca\/fr\/nouvelle\/avis-aux-membres\/nouvelle-formation-obligatoire-encadrer-ia-generative-pratique-droit\/\">barreau.qc.ca<\/a><\/em><\/p>\n\n\n\n<div style=\"height:100px\" aria-hidden=\"true\" class=\"wp-block-spacer\"><\/div>\n\n\n\n<h4 class=\"wp-block-heading\">En r\u00e9sum\u00e9<\/h4>\n\n\n\n<p class=\"wp-block-paragraph\">Vous l&rsquo;aurez compris, la souverainet\u00e9 des donn\u00e9es est le socle sur lequel repose la confiance de vos clients et de vos employ\u00e9s. Utiliser l&rsquo;IA ne suffit pas, il faut en ma\u00eetriser l&rsquo;usage et l&rsquo;infrastructure !<\/p>\n\n\n\n<p class=\"wp-block-paragraph\"><\/p>\n","protected":false},"excerpt":{"rendered":"<p>En 2026, l&rsquo;IA g\u00e9n\u00e9rative est partout. Elle r\u00e9dige vos courriels, analyse vos bilans et optimise vos lignes de code. Mais<span class=\"excerpt-hellip\"> [\u2026]<\/span><\/p>\n","protected":false},"author":8,"featured_media":1289,"comment_status":"open","ping_status":"open","sticky":false,"template":"","format":"standard","meta":{"_coblocks_attr":"","_coblocks_dimensions":"","_coblocks_responsive_height":"","_coblocks_accordion_ie_support":"","content-type":"","footnotes":""},"categories":[39,48],"tags":[50],"class_list":["post-1281","post","type-post","status-publish","format-standard","has-post-thumbnail","hentry","category-cloud","tag-cloud"],"yoast_head":"<!-- This site is optimized with the Yoast SEO plugin v28.4 - https:\/\/yoast.com\/product\/yoast-seo-wordpress\/ -->\n<title>IA g\u00e9n\u00e9rative et souverainet\u00e9 des donn\u00e9es : ce que les entreprises qu\u00e9b\u00e9coises risquent de perdre - Oriso<\/title>\n<meta name=\"robots\" content=\"index, follow, max-snippet:-1, max-image-preview:large, max-video-preview:-1\" \/>\n<link rel=\"canonical\" href=\"https:\/\/oriso.com\/fr\/ia-generative-et-souverainete-des-donnees-ce-que-les-entreprises-quebecoises-risquent-de-perdre\/\" \/>\n<meta property=\"og:locale\" content=\"fr_FR\" \/>\n<meta property=\"og:type\" content=\"article\" \/>\n<meta property=\"og:title\" content=\"IA g\u00e9n\u00e9rative et souverainet\u00e9 des donn\u00e9es : ce que les entreprises qu\u00e9b\u00e9coises risquent de perdre - Oriso\" \/>\n<meta property=\"og:description\" content=\"En 2026, l&rsquo;IA g\u00e9n\u00e9rative est partout. Elle r\u00e9dige vos courriels, analyse vos bilans et optimise vos lignes de code. Mais [\u2026]\" \/>\n<meta property=\"og:url\" content=\"https:\/\/oriso.com\/fr\/ia-generative-et-souverainete-des-donnees-ce-que-les-entreprises-quebecoises-risquent-de-perdre\/\" \/>\n<meta property=\"og:site_name\" content=\"Oriso\" \/>\n<meta property=\"article:published_time\" content=\"2026-08-06T17:40:07+00:00\" \/>\n<meta property=\"article:modified_time\" content=\"2026-08-06T17:40:12+00:00\" \/>\n<meta property=\"og:image\" content=\"https:\/\/oriso.com\/wp-content\/uploads\/2026\/08\/Article-News-3.png\" \/>\n\t<meta property=\"og:image:width\" content=\"2240\" \/>\n\t<meta property=\"og:image:height\" content=\"1260\" \/>\n\t<meta property=\"og:image:type\" content=\"image\/png\" \/>\n<meta name=\"author\" content=\"carla\" \/>\n<meta name=\"twitter:card\" content=\"summary_large_image\" \/>\n<meta name=\"twitter:label1\" content=\"\u00c9crit par\" \/>\n\t<meta name=\"twitter:data1\" content=\"carla\" \/>\n\t<meta name=\"twitter:label2\" content=\"Dur\u00e9e de lecture estim\u00e9e\" \/>\n\t<meta name=\"twitter:data2\" content=\"4 minutes\" \/>\n<script type=\"application\/ld+json\" class=\"yoast-schema-graph\">{\"@context\":\"https:\\\/\\\/schema.org\",\"@graph\":[{\"@type\":\"Article\",\"@id\":\"https:\\\/\\\/oriso.com\\\/fr\\\/ia-generative-et-souverainete-des-donnees-ce-que-les-entreprises-quebecoises-risquent-de-perdre\\\/#article\",\"isPartOf\":{\"@id\":\"https:\\\/\\\/oriso.com\\\/fr\\\/ia-generative-et-souverainete-des-donnees-ce-que-les-entreprises-quebecoises-risquent-de-perdre\\\/\"},\"author\":{\"name\":\"carla\",\"@id\":\"https:\\\/\\\/oriso.com\\\/fr\\\/#\\\/schema\\\/person\\\/7b50e75a7d4bb0d3e14002bdb1dda61c\"},\"headline\":\"IA g\u00e9n\u00e9rative et souverainet\u00e9 des donn\u00e9es : ce que les entreprises qu\u00e9b\u00e9coises risquent de perdre\",\"datePublished\":\"2026-08-06T17:40:07+00:00\",\"dateModified\":\"2026-08-06T17:40:12+00:00\",\"mainEntityOfPage\":{\"@id\":\"https:\\\/\\\/oriso.com\\\/fr\\\/ia-generative-et-souverainete-des-donnees-ce-que-les-entreprises-quebecoises-risquent-de-perdre\\\/\"},\"wordCount\":814,\"commentCount\":0,\"image\":{\"@id\":\"https:\\\/\\\/oriso.com\\\/fr\\\/ia-generative-et-souverainete-des-donnees-ce-que-les-entreprises-quebecoises-risquent-de-perdre\\\/#primaryimage\"},\"thumbnailUrl\":\"https:\\\/\\\/oriso.com\\\/wp-content\\\/uploads\\\/2026\\\/08\\\/Article-News-3.png\",\"keywords\":[\"Cloud\"],\"articleSection\":[\"Cloud\",\"Cloud\"],\"inLanguage\":\"fr-FR\",\"potentialAction\":[{\"@type\":\"CommentAction\",\"name\":\"Comment\",\"target\":[\"https:\\\/\\\/oriso.com\\\/fr\\\/ia-generative-et-souverainete-des-donnees-ce-que-les-entreprises-quebecoises-risquent-de-perdre\\\/#respond\"]}]},{\"@type\":\"WebPage\",\"@id\":\"https:\\\/\\\/oriso.com\\\/fr\\\/ia-generative-et-souverainete-des-donnees-ce-que-les-entreprises-quebecoises-risquent-de-perdre\\\/\",\"url\":\"https:\\\/\\\/oriso.com\\\/fr\\\/ia-generative-et-souverainete-des-donnees-ce-que-les-entreprises-quebecoises-risquent-de-perdre\\\/\",\"name\":\"IA g\u00e9n\u00e9rative et souverainet\u00e9 des donn\u00e9es : ce que les entreprises qu\u00e9b\u00e9coises risquent de perdre - Oriso\",\"isPartOf\":{\"@id\":\"https:\\\/\\\/oriso.com\\\/fr\\\/#website\"},\"primaryImageOfPage\":{\"@id\":\"https:\\\/\\\/oriso.com\\\/fr\\\/ia-generative-et-souverainete-des-donnees-ce-que-les-entreprises-quebecoises-risquent-de-perdre\\\/#primaryimage\"},\"image\":{\"@id\":\"https:\\\/\\\/oriso.com\\\/fr\\\/ia-generative-et-souverainete-des-donnees-ce-que-les-entreprises-quebecoises-risquent-de-perdre\\\/#primaryimage\"},\"thumbnailUrl\":\"https:\\\/\\\/oriso.com\\\/wp-content\\\/uploads\\\/2026\\\/08\\\/Article-News-3.png\",\"datePublished\":\"2026-08-06T17:40:07+00:00\",\"dateModified\":\"2026-08-06T17:40:12+00:00\",\"author\":{\"@id\":\"https:\\\/\\\/oriso.com\\\/fr\\\/#\\\/schema\\\/person\\\/7b50e75a7d4bb0d3e14002bdb1dda61c\"},\"breadcrumb\":{\"@id\":\"https:\\\/\\\/oriso.com\\\/fr\\\/ia-generative-et-souverainete-des-donnees-ce-que-les-entreprises-quebecoises-risquent-de-perdre\\\/#breadcrumb\"},\"inLanguage\":\"fr-FR\",\"potentialAction\":[{\"@type\":\"ReadAction\",\"target\":[\"https:\\\/\\\/oriso.com\\\/fr\\\/ia-generative-et-souverainete-des-donnees-ce-que-les-entreprises-quebecoises-risquent-de-perdre\\\/\"]}]},{\"@type\":\"ImageObject\",\"inLanguage\":\"fr-FR\",\"@id\":\"https:\\\/\\\/oriso.com\\\/fr\\\/ia-generative-et-souverainete-des-donnees-ce-que-les-entreprises-quebecoises-risquent-de-perdre\\\/#primaryimage\",\"url\":\"https:\\\/\\\/oriso.com\\\/wp-content\\\/uploads\\\/2026\\\/08\\\/Article-News-3.png\",\"contentUrl\":\"https:\\\/\\\/oriso.com\\\/wp-content\\\/uploads\\\/2026\\\/08\\\/Article-News-3.png\",\"width\":2240,\"height\":1260},{\"@type\":\"BreadcrumbList\",\"@id\":\"https:\\\/\\\/oriso.com\\\/fr\\\/ia-generative-et-souverainete-des-donnees-ce-que-les-entreprises-quebecoises-risquent-de-perdre\\\/#breadcrumb\",\"itemListElement\":[{\"@type\":\"ListItem\",\"position\":1,\"name\":\"Home\",\"item\":\"https:\\\/\\\/oriso.com\\\/fr\\\/\"},{\"@type\":\"ListItem\",\"position\":2,\"name\":\"IA g\u00e9n\u00e9rative et souverainet\u00e9 des donn\u00e9es : ce que les entreprises qu\u00e9b\u00e9coises risquent de perdre\"}]},{\"@type\":\"WebSite\",\"@id\":\"https:\\\/\\\/oriso.com\\\/fr\\\/#website\",\"url\":\"https:\\\/\\\/oriso.com\\\/fr\\\/\",\"name\":\"Oriso\",\"description\":\"Cloud Hosting Without Surprises\",\"potentialAction\":[{\"@type\":\"SearchAction\",\"target\":{\"@type\":\"EntryPoint\",\"urlTemplate\":\"https:\\\/\\\/oriso.com\\\/fr\\\/?s={search_term_string}\"},\"query-input\":{\"@type\":\"PropertyValueSpecification\",\"valueRequired\":true,\"valueName\":\"search_term_string\"}}],\"inLanguage\":\"fr-FR\"},{\"@type\":\"Person\",\"@id\":\"https:\\\/\\\/oriso.com\\\/fr\\\/#\\\/schema\\\/person\\\/7b50e75a7d4bb0d3e14002bdb1dda61c\",\"name\":\"carla\",\"image\":{\"@type\":\"ImageObject\",\"inLanguage\":\"fr-FR\",\"@id\":\"https:\\\/\\\/secure.gravatar.com\\\/avatar\\\/c008cd68b5b64dfb4902b2fc8885ef14a03fd7a25fa3d092900676ca7b6eba4a?s=96&d=mm&r=g\",\"url\":\"https:\\\/\\\/secure.gravatar.com\\\/avatar\\\/c008cd68b5b64dfb4902b2fc8885ef14a03fd7a25fa3d092900676ca7b6eba4a?s=96&d=mm&r=g\",\"contentUrl\":\"https:\\\/\\\/secure.gravatar.com\\\/avatar\\\/c008cd68b5b64dfb4902b2fc8885ef14a03fd7a25fa3d092900676ca7b6eba4a?s=96&d=mm&r=g\",\"caption\":\"carla\"},\"url\":\"https:\\\/\\\/oriso.com\\\/fr\\\/author\\\/carla\\\/\"}]}<\/script>\n<!-- \/ Yoast SEO plugin. -->","yoast_head_json":{"title":"IA g\u00e9n\u00e9rative et souverainet\u00e9 des donn\u00e9es : ce que les entreprises qu\u00e9b\u00e9coises risquent de perdre - Oriso","robots":{"index":"index","follow":"follow","max-snippet":"max-snippet:-1","max-image-preview":"max-image-preview:large","max-video-preview":"max-video-preview:-1"},"canonical":"https:\/\/oriso.com\/fr\/ia-generative-et-souverainete-des-donnees-ce-que-les-entreprises-quebecoises-risquent-de-perdre\/","og_locale":"fr_FR","og_type":"article","og_title":"IA g\u00e9n\u00e9rative et souverainet\u00e9 des donn\u00e9es : ce que les entreprises qu\u00e9b\u00e9coises risquent de perdre - Oriso","og_description":"En 2026, l&rsquo;IA g\u00e9n\u00e9rative est partout. Elle r\u00e9dige vos courriels, analyse vos bilans et optimise vos lignes de code. Mais [\u2026]","og_url":"https:\/\/oriso.com\/fr\/ia-generative-et-souverainete-des-donnees-ce-que-les-entreprises-quebecoises-risquent-de-perdre\/","og_site_name":"Oriso","article_published_time":"2026-08-06T17:40:07+00:00","article_modified_time":"2026-08-06T17:40:12+00:00","og_image":[{"width":2240,"height":1260,"url":"https:\/\/oriso.com\/wp-content\/uploads\/2026\/08\/Article-News-3.png","type":"image\/png"}],"author":"carla","twitter_card":"summary_large_image","twitter_misc":{"\u00c9crit par":"carla","Dur\u00e9e de lecture estim\u00e9e":"4 minutes"},"schema":{"@context":"https:\/\/schema.org","@graph":[{"@type":"Article","@id":"https:\/\/oriso.com\/fr\/ia-generative-et-souverainete-des-donnees-ce-que-les-entreprises-quebecoises-risquent-de-perdre\/#article","isPartOf":{"@id":"https:\/\/oriso.com\/fr\/ia-generative-et-souverainete-des-donnees-ce-que-les-entreprises-quebecoises-risquent-de-perdre\/"},"author":{"name":"carla","@id":"https:\/\/oriso.com\/fr\/#\/schema\/person\/7b50e75a7d4bb0d3e14002bdb1dda61c"},"headline":"IA g\u00e9n\u00e9rative et souverainet\u00e9 des donn\u00e9es : ce que les entreprises qu\u00e9b\u00e9coises risquent de perdre","datePublished":"2026-08-06T17:40:07+00:00","dateModified":"2026-08-06T17:40:12+00:00","mainEntityOfPage":{"@id":"https:\/\/oriso.com\/fr\/ia-generative-et-souverainete-des-donnees-ce-que-les-entreprises-quebecoises-risquent-de-perdre\/"},"wordCount":814,"commentCount":0,"image":{"@id":"https:\/\/oriso.com\/fr\/ia-generative-et-souverainete-des-donnees-ce-que-les-entreprises-quebecoises-risquent-de-perdre\/#primaryimage"},"thumbnailUrl":"https:\/\/oriso.com\/wp-content\/uploads\/2026\/08\/Article-News-3.png","keywords":["Cloud"],"articleSection":["Cloud","Cloud"],"inLanguage":"fr-FR","potentialAction":[{"@type":"CommentAction","name":"Comment","target":["https:\/\/oriso.com\/fr\/ia-generative-et-souverainete-des-donnees-ce-que-les-entreprises-quebecoises-risquent-de-perdre\/#respond"]}]},{"@type":"WebPage","@id":"https:\/\/oriso.com\/fr\/ia-generative-et-souverainete-des-donnees-ce-que-les-entreprises-quebecoises-risquent-de-perdre\/","url":"https:\/\/oriso.com\/fr\/ia-generative-et-souverainete-des-donnees-ce-que-les-entreprises-quebecoises-risquent-de-perdre\/","name":"IA g\u00e9n\u00e9rative et souverainet\u00e9 des donn\u00e9es : ce que les entreprises qu\u00e9b\u00e9coises risquent de perdre - Oriso","isPartOf":{"@id":"https:\/\/oriso.com\/fr\/#website"},"primaryImageOfPage":{"@id":"https:\/\/oriso.com\/fr\/ia-generative-et-souverainete-des-donnees-ce-que-les-entreprises-quebecoises-risquent-de-perdre\/#primaryimage"},"image":{"@id":"https:\/\/oriso.com\/fr\/ia-generative-et-souverainete-des-donnees-ce-que-les-entreprises-quebecoises-risquent-de-perdre\/#primaryimage"},"thumbnailUrl":"https:\/\/oriso.com\/wp-content\/uploads\/2026\/08\/Article-News-3.png","datePublished":"2026-08-06T17:40:07+00:00","dateModified":"2026-08-06T17:40:12+00:00","author":{"@id":"https:\/\/oriso.com\/fr\/#\/schema\/person\/7b50e75a7d4bb0d3e14002bdb1dda61c"},"breadcrumb":{"@id":"https:\/\/oriso.com\/fr\/ia-generative-et-souverainete-des-donnees-ce-que-les-entreprises-quebecoises-risquent-de-perdre\/#breadcrumb"},"inLanguage":"fr-FR","potentialAction":[{"@type":"ReadAction","target":["https:\/\/oriso.com\/fr\/ia-generative-et-souverainete-des-donnees-ce-que-les-entreprises-quebecoises-risquent-de-perdre\/"]}]},{"@type":"ImageObject","inLanguage":"fr-FR","@id":"https:\/\/oriso.com\/fr\/ia-generative-et-souverainete-des-donnees-ce-que-les-entreprises-quebecoises-risquent-de-perdre\/#primaryimage","url":"https:\/\/oriso.com\/wp-content\/uploads\/2026\/08\/Article-News-3.png","contentUrl":"https:\/\/oriso.com\/wp-content\/uploads\/2026\/08\/Article-News-3.png","width":2240,"height":1260},{"@type":"BreadcrumbList","@id":"https:\/\/oriso.com\/fr\/ia-generative-et-souverainete-des-donnees-ce-que-les-entreprises-quebecoises-risquent-de-perdre\/#breadcrumb","itemListElement":[{"@type":"ListItem","position":1,"name":"Home","item":"https:\/\/oriso.com\/fr\/"},{"@type":"ListItem","position":2,"name":"IA g\u00e9n\u00e9rative et souverainet\u00e9 des donn\u00e9es : ce que les entreprises qu\u00e9b\u00e9coises risquent de perdre"}]},{"@type":"WebSite","@id":"https:\/\/oriso.com\/fr\/#website","url":"https:\/\/oriso.com\/fr\/","name":"Oriso","description":"Cloud Hosting Without Surprises","potentialAction":[{"@type":"SearchAction","target":{"@type":"EntryPoint","urlTemplate":"https:\/\/oriso.com\/fr\/?s={search_term_string}"},"query-input":{"@type":"PropertyValueSpecification","valueRequired":true,"valueName":"search_term_string"}}],"inLanguage":"fr-FR"},{"@type":"Person","@id":"https:\/\/oriso.com\/fr\/#\/schema\/person\/7b50e75a7d4bb0d3e14002bdb1dda61c","name":"carla","image":{"@type":"ImageObject","inLanguage":"fr-FR","@id":"https:\/\/secure.gravatar.com\/avatar\/c008cd68b5b64dfb4902b2fc8885ef14a03fd7a25fa3d092900676ca7b6eba4a?s=96&d=mm&r=g","url":"https:\/\/secure.gravatar.com\/avatar\/c008cd68b5b64dfb4902b2fc8885ef14a03fd7a25fa3d092900676ca7b6eba4a?s=96&d=mm&r=g","contentUrl":"https:\/\/secure.gravatar.com\/avatar\/c008cd68b5b64dfb4902b2fc8885ef14a03fd7a25fa3d092900676ca7b6eba4a?s=96&d=mm&r=g","caption":"carla"},"url":"https:\/\/oriso.com\/fr\/author\/carla\/"}]}},"_links":{"self":[{"href":"https:\/\/oriso.com\/fr\/wp-json\/wp\/v2\/posts\/1281","targetHints":{"allow":["GET"]}}],"collection":[{"href":"https:\/\/oriso.com\/fr\/wp-json\/wp\/v2\/posts"}],"about":[{"href":"https:\/\/oriso.com\/fr\/wp-json\/wp\/v2\/types\/post"}],"author":[{"embeddable":true,"href":"https:\/\/oriso.com\/fr\/wp-json\/wp\/v2\/users\/8"}],"replies":[{"embeddable":true,"href":"https:\/\/oriso.com\/fr\/wp-json\/wp\/v2\/comments?post=1281"}],"version-history":[{"count":1,"href":"https:\/\/oriso.com\/fr\/wp-json\/wp\/v2\/posts\/1281\/revisions"}],"predecessor-version":[{"id":1293,"href":"https:\/\/oriso.com\/fr\/wp-json\/wp\/v2\/posts\/1281\/revisions\/1293"}],"wp:featuredmedia":[{"embeddable":true,"href":"https:\/\/oriso.com\/fr\/wp-json\/wp\/v2\/media\/1289"}],"wp:attachment":[{"href":"https:\/\/oriso.com\/fr\/wp-json\/wp\/v2\/media?parent=1281"}],"wp:term":[{"taxonomy":"category","embeddable":true,"href":"https:\/\/oriso.com\/fr\/wp-json\/wp\/v2\/categories?post=1281"},{"taxonomy":"post_tag","embeddable":true,"href":"https:\/\/oriso.com\/fr\/wp-json\/wp\/v2\/tags?post=1281"}],"curies":[{"name":"wp","href":"https:\/\/api.w.org\/{rel}","templated":true}]}}